{"id":3426,"date":"2024-11-14T09:30:02","date_gmt":"2024-11-14T08:30:02","guid":{"rendered":"https:\/\/gssgaliciaforum.com\/gssg-establishes-itself-as-a-key-event-in-the-global-debate-on-marine-sustainability\/"},"modified":"2025-04-30T12:40:39","modified_gmt":"2025-04-30T10:40:39","slug":"gssg-establishes-itself-as-a-key-event-in-the-global-debate-on-marine-sustainability","status":"publish","type":"post","link":"https:\/\/gssgaliciaforum.com\/gl\/gssg-establishes-itself-as-a-key-event-in-the-global-debate-on-marine-sustainability\/","title":{"rendered":"GSSG const\u00e1tase como un evento clave no debate global sobre a sostibilidade mari\u00f1a"},"content":{"rendered":"<p>A segunda edici\u00f3n do Foro Galicia de Sostibilidade Global de Produtos do Mar (GSSG) clausurouse na sede Afundaci\u00f3n de Vigo o pasado 12 de novembro, tras dous d\u00edas de debate experto sobre sostibilidade mari\u00f1a. Expostas as conclusi\u00f3ns do foro, o presidente da Fundaci\u00f3n Nueva Pescanova, Jos\u00e9 Mar\u00eda Benavent, e do director xeral de Pesca, Acuicultura e Innovaci\u00f3n Tecnol\u00f3xica da Conseller\u00eda do Mar, Antonio Basanta, pecharon oficialmente o encontro.<\/p>\n<p>O segundo Foro GSSG celebrouse os d\u00edas 11 e 12 de novembro baixo o lema<em> Unha visi\u00f3n asim\u00e9trica da sostibilidade<\/em>. Durante dous d\u00edas, Galicia converteuse en epicentro do di\u00e1logo global, achegando o debate sostible ao escenario real da actividade pesqueira, acu\u00edcola e de transformaci\u00f3n dos produtos do mar.<\/p>\n<p>Durante a clausura do evento, o presidente da Fundaci\u00f3n Nueva Pescanova, Jos\u00e9 Mar\u00eda Benavent, adestac\u00f3 como \u201co contraste de perspectivas permite avanzar, e o foro incidiu especialmente na idea de contraste\u201d, en alusi\u00f3n \u00e1 idea de asimetr\u00eda.<\/p>\n<p>Tras percorrer brevemente os distintos enfoques da sostibilidade debatidos no encontro, Jos\u00e9 Mar\u00eda Benavent exhortou \u00e1s grandes e pequenas compa\u00f1\u00edas a \u201ctraballar xuntas na defensa dun sector relevante, social e economicamente, que nunca deixou de perseguir a sustentabilidade ambiental\u201d. Destacou ademais o importante papel que xoga o financiamento azul para avanzar no obxectivo com\u00fan da sostibilidade do sector, e conclu\u00edu refer\u00edndose ao foro: \u201cDesde Vigo, cumprimos o obxectivo de facer que Galicia atraia e lidere o di\u00e1logo global sobre sostibilidades de produtos do mar\u201d.<\/p>\n<p style=\"text-align: left;\"><img decoding=\"async\" class=\"alignnone wp-image-2293 \" src=\"https:\/\/gssgaliciaforum.com\/wp-content\/uploads\/2024\/11\/ii-edicion-foro-gssg.jpg\" alt=\"\" width=\"48%\" height=\"auto\">  <img decoding=\"async\" class=\"alignnone wp-image-2290 \" src=\"https:\/\/gssgaliciaforum.com\/wp-content\/uploads\/2024\/11\/ii-edicion-foro-gssg-2.jpg\" alt=\"\" width=\"48%\" height=\"auto\"><\/p>\n<div class=\"leyenda\">\n<p>O presidente da Fundaci\u00f3n Nueva Pescanova (esq.) e o conselleiro do Mar (dta.) inaugurando o II Foro GSSG.<\/p>\n<\/div>\n<p style=\"text-align: left;\">Pola s\u00faa banda, o director xeral de Pesca, Acuicultura e Innovaci\u00f3n Tecnol\u00f3xica, Antonio Basanta, definiu o foro GSSG como un avance verdadeiro en materia de sostibilidade, e mostrouse \u201cconvencido de que se consolidar\u00e1 como un valioso instrumento co que ga\u00f1ar ao futuro\u201d, sobre a base dun sector \u201cque ten a maior\u00eda de idade para actuar de forma responsable\u201d.<\/p>\n<h2>Punto de encontro ineludible<\/h2>\n<p>O foro inaugurouse o luns 11 de novembro coa presenza do conselleiro do Mar, Alfonso Villares, quen o cualificou de \u201cpunto de encontro perfecto onde se d\u00e1 cita o conxunto da cadea mar-industria galega co obxectivo com\u00fan de preservar os recursos mari\u00f1os xerando valor econ\u00f3mico e social\u201d.<\/p>\n<p>Villares destacou que o foro volveu a traer voces de relevancia a Galicia, \u201cque ten moito que dicir desde o seu liderado global no \u00e1mbito mar\u00edtimo-pesqueiro\u201d. No acto de inauguraci\u00f3n tomou parte, ademais, Carola Gonz\u00e1lez Kessler, subdirectora xeral de Acuicultura e Comercializaci\u00f3n Pesqueira do Ministerio de Agricultura, Pesca e Alimentaci\u00f3n. <\/p>\n<p>A visi\u00f3n da sostibilidade dos grandes e pequenos actores, o acceso ao financiamento azul e o futuro dos oc\u00e9anos centraron os temas principais da segunda xornada do encontro. Un d\u00eda antes, tratouse o informe SOFIA 2024 da FAO, a visi\u00f3n asim\u00e9trica Norte-Sur e a regulaci\u00f3n en materia de sostibilidade. <\/p>\n<p>Un total de catorce expertos internacionais estiveron presentes na segunda edici\u00f3n, representando a instituci\u00f3ns, asociaci\u00f3ns, entidades de investigaci\u00f3n e empresas l\u00edderes do sector.<\/p>\n<p>Os profesionais achegaron diferentes visi\u00f3ns e perspectivas sobre a situaci\u00f3n, as prioridades e os desaf\u00edos aos que se enfronta o sector da pesca e a acuicultura na procura da sostibilidade, consolidando un fito para sumar no calendario internacional do debate global.<\/p>\n","protected":false},"excerpt":{"rendered":"<p>A segunda edici\u00f3n do Foro Galicia de Sostibilidade Global de Produtos do Mar (GSSG) clausurouse na sede Afundaci\u00f3n de Vigo o pasado 12 de novembro, tras dous d\u00edas de debate experto sobre sostibilidade mari\u00f1a. Expostas as conclusi\u00f3ns do foro, o presidente da Fundaci\u00f3n Nueva Pescanova, Jos\u00e9 Mar\u00eda Benavent, e do director xeral de Pesca, Acuicultura [&hellip;]<\/p>\n","protected":false},"author":1,"featured_media":3414,"comment_status":"closed","ping_status":"closed","sticky":false,"template":"","format":"standard","meta":{"_et_pb_use_builder":"","_et_pb_old_content":"","_et_gb_content_width":"","footnotes":""},"categories":[1],"tags":[],"class_list":["post-3426","post","type-post","status-publish","format-standard","has-post-thumbnail","hentry","category-sin-categorizar"],"yoast_head":"<!-- This site is optimized with the Yoast SEO plugin v27.0 - https:\/\/yoast.com\/product\/yoast-seo-wordpress\/ -->\n<title>Foro Galicia de Sostibilidade Global de Produtos do Mar - Foro GSSG<\/title>\n<meta name=\"description\" content=\"A segunda edici\u00f3n do Foro Galicia de Sostibilidade Global de Produtos do Mar trouxo a Vigo expertos internacionais para debater sobre a sustentabilidade da pesca e da acuicultura.\" \/>\n<meta name=\"robots\" content=\"index, follow, max-snippet:-1, max-image-preview:large, max-video-preview:-1\" \/>\n<link rel=\"canonical\" href=\"https:\/\/gssgaliciaforum.com\/gl\/gssg-establishes-itself-as-a-key-event-in-the-global-debate-on-marine-sustainability\/\" \/>\n<meta property=\"og:locale\" content=\"gl_ES\" \/>\n<meta property=\"og:type\" content=\"article\" \/>\n<meta property=\"og:title\" content=\"Foro Galicia de Sostibilidade Global de Produtos do Mar - Foro GSSG\" \/>\n<meta property=\"og:description\" content=\"A segunda edici\u00f3n do Foro Galicia de Sostibilidade Global de Produtos do Mar trouxo a Vigo expertos internacionais para debater sobre a sustentabilidade da pesca e da acuicultura.\" \/>\n<meta property=\"og:url\" content=\"https:\/\/gssgaliciaforum.com\/gl\/gssg-establishes-itself-as-a-key-event-in-the-global-debate-on-marine-sustainability\/\" \/>\n<meta property=\"og:site_name\" content=\"Foro GSSG\" \/>\n<meta property=\"article:published_time\" content=\"2024-11-14T08:30:02+00:00\" \/>\n<meta property=\"article:modified_time\" content=\"2025-04-30T10:40:39+00:00\" \/>\n<meta property=\"og:image\" content=\"https:\/\/gssgaliciaforum.com\/wp-content\/uploads\/2024\/11\/gssg-cita-global-sostenibilidad-marina.jpg\" \/>\n\t<meta property=\"og:image:width\" content=\"972\" \/>\n\t<meta property=\"og:image:height\" content=\"541\" \/>\n\t<meta property=\"og:image:type\" content=\"image\/jpeg\" \/>\n<meta name=\"author\" content=\"Cubicacomunicacion\" \/>\n<meta name=\"twitter:card\" content=\"summary_large_image\" \/>\n<meta name=\"twitter:label1\" content=\"Escrito por\" \/>\n\t<meta name=\"twitter:data1\" content=\"Cubicacomunicacion\" \/>\n\t<meta name=\"twitter:label2\" content=\"Tempo de lectura\" \/>\n\t<meta name=\"twitter:data2\" content=\"3 minutos\" \/>\n<script type=\"application\/ld+json\" class=\"yoast-schema-graph\">{\"@context\":\"https:\/\/schema.org\",\"@graph\":[{\"@type\":\"Article\",\"@id\":\"https:\/\/gssgaliciaforum.com\/gl\/gssg-establishes-itself-as-a-key-event-in-the-global-debate-on-marine-sustainability\/#article\",\"isPartOf\":{\"@id\":\"https:\/\/gssgaliciaforum.com\/gl\/gssg-establishes-itself-as-a-key-event-in-the-global-debate-on-marine-sustainability\/\"},\"author\":{\"name\":\"Cubicacomunicacion\",\"@id\":\"https:\/\/gssgaliciaforum.com\/gl\/#\/schema\/person\/03598aee37d8f2c9cee9651f6853680f\"},\"headline\":\"GSSG const\u00e1tase como un evento clave no debate global sobre a sostibilidade mari\u00f1a\",\"datePublished\":\"2024-11-14T08:30:02+00:00\",\"dateModified\":\"2025-04-30T10:40:39+00:00\",\"mainEntityOfPage\":{\"@id\":\"https:\/\/gssgaliciaforum.com\/gl\/gssg-establishes-itself-as-a-key-event-in-the-global-debate-on-marine-sustainability\/\"},\"wordCount\":591,\"image\":{\"@id\":\"https:\/\/gssgaliciaforum.com\/gl\/gssg-establishes-itself-as-a-key-event-in-the-global-debate-on-marine-sustainability\/#primaryimage\"},\"thumbnailUrl\":\"https:\/\/gssgaliciaforum.com\/wp-content\/uploads\/2024\/11\/gssg-cita-global-sostenibilidad-marina.jpg\",\"articleSection\":[\"Sin categorizar\"],\"inLanguage\":\"gl-ES\"},{\"@type\":\"WebPage\",\"@id\":\"https:\/\/gssgaliciaforum.com\/gl\/gssg-establishes-itself-as-a-key-event-in-the-global-debate-on-marine-sustainability\/\",\"url\":\"https:\/\/gssgaliciaforum.com\/gl\/gssg-establishes-itself-as-a-key-event-in-the-global-debate-on-marine-sustainability\/\",\"name\":\"Foro Galicia de Sostibilidade Global de Produtos do Mar - Foro GSSG\",\"isPartOf\":{\"@id\":\"https:\/\/gssgaliciaforum.com\/gl\/#website\"},\"primaryImageOfPage\":{\"@id\":\"https:\/\/gssgaliciaforum.com\/gl\/gssg-establishes-itself-as-a-key-event-in-the-global-debate-on-marine-sustainability\/#primaryimage\"},\"image\":{\"@id\":\"https:\/\/gssgaliciaforum.com\/gl\/gssg-establishes-itself-as-a-key-event-in-the-global-debate-on-marine-sustainability\/#primaryimage\"},\"thumbnailUrl\":\"https:\/\/gssgaliciaforum.com\/wp-content\/uploads\/2024\/11\/gssg-cita-global-sostenibilidad-marina.jpg\",\"datePublished\":\"2024-11-14T08:30:02+00:00\",\"dateModified\":\"2025-04-30T10:40:39+00:00\",\"author\":{\"@id\":\"https:\/\/gssgaliciaforum.com\/gl\/#\/schema\/person\/03598aee37d8f2c9cee9651f6853680f\"},\"description\":\"A segunda edici\u00f3n do Foro Galicia de Sostibilidade Global de Produtos do Mar trouxo a Vigo expertos internacionais para debater sobre a sustentabilidade da pesca e da acuicultura.\",\"breadcrumb\":{\"@id\":\"https:\/\/gssgaliciaforum.com\/gl\/gssg-establishes-itself-as-a-key-event-in-the-global-debate-on-marine-sustainability\/#breadcrumb\"},\"inLanguage\":\"gl-ES\",\"potentialAction\":[{\"@type\":\"ReadAction\",\"target\":[\"https:\/\/gssgaliciaforum.com\/gl\/gssg-establishes-itself-as-a-key-event-in-the-global-debate-on-marine-sustainability\/\"]}]},{\"@type\":\"ImageObject\",\"inLanguage\":\"gl-ES\",\"@id\":\"https:\/\/gssgaliciaforum.com\/gl\/gssg-establishes-itself-as-a-key-event-in-the-global-debate-on-marine-sustainability\/#primaryimage\",\"url\":\"https:\/\/gssgaliciaforum.com\/wp-content\/uploads\/2024\/11\/gssg-cita-global-sostenibilidad-marina.jpg\",\"contentUrl\":\"https:\/\/gssgaliciaforum.com\/wp-content\/uploads\/2024\/11\/gssg-cita-global-sostenibilidad-marina.jpg\",\"width\":972,\"height\":541,\"caption\":\"GSSG const\u00e1tase como un evento clave no debate global sobre a sostibilidade mari\u00f1a.\"},{\"@type\":\"BreadcrumbList\",\"@id\":\"https:\/\/gssgaliciaforum.com\/gl\/gssg-establishes-itself-as-a-key-event-in-the-global-debate-on-marine-sustainability\/#breadcrumb\",\"itemListElement\":[{\"@type\":\"ListItem\",\"position\":1,\"name\":\"Portada\",\"item\":\"https:\/\/gssgaliciaforum.com\/gl\/\"},{\"@type\":\"ListItem\",\"position\":2,\"name\":\"GSSG const\u00e1tase como un evento clave no debate global sobre a sostibilidade mari\u00f1a\"}]},{\"@type\":\"WebSite\",\"@id\":\"https:\/\/gssgaliciaforum.com\/gl\/#website\",\"url\":\"https:\/\/gssgaliciaforum.com\/gl\/\",\"name\":\"Foro GSSG\",\"description\":\"IV Foro Galicia Sostibilidade Global de Productos do Mar\",\"potentialAction\":[{\"@type\":\"SearchAction\",\"target\":{\"@type\":\"EntryPoint\",\"urlTemplate\":\"https:\/\/gssgaliciaforum.com\/gl\/?s={search_term_string}\"},\"query-input\":{\"@type\":\"PropertyValueSpecification\",\"valueRequired\":true,\"valueName\":\"search_term_string\"}}],\"inLanguage\":\"gl-ES\"},{\"@type\":\"Person\",\"@id\":\"https:\/\/gssgaliciaforum.com\/gl\/#\/schema\/person\/03598aee37d8f2c9cee9651f6853680f\",\"name\":\"Cubicacomunicacion\",\"sameAs\":[\"https:\/\/gssgaliciaforum.com\"]}]}<\/script>\n<!-- \/ Yoast SEO plugin. -->","yoast_head_json":{"title":"Foro Galicia de Sostibilidade Global de Produtos do Mar - Foro GSSG","description":"A segunda edici\u00f3n do Foro Galicia de Sostibilidade Global de Produtos do Mar trouxo a Vigo expertos internacionais para debater sobre a sustentabilidade da pesca e da acuicultura.","robots":{"index":"index","follow":"follow","max-snippet":"max-snippet:-1","max-image-preview":"max-image-preview:large","max-video-preview":"max-video-preview:-1"},"canonical":"https:\/\/gssgaliciaforum.com\/gl\/gssg-establishes-itself-as-a-key-event-in-the-global-debate-on-marine-sustainability\/","og_locale":"gl_ES","og_type":"article","og_title":"Foro Galicia de Sostibilidade Global de Produtos do Mar - Foro GSSG","og_description":"A segunda edici\u00f3n do Foro Galicia de Sostibilidade Global de Produtos do Mar trouxo a Vigo expertos internacionais para debater sobre a sustentabilidade da pesca e da acuicultura.","og_url":"https:\/\/gssgaliciaforum.com\/gl\/gssg-establishes-itself-as-a-key-event-in-the-global-debate-on-marine-sustainability\/","og_site_name":"Foro GSSG","article_published_time":"2024-11-14T08:30:02+00:00","article_modified_time":"2025-04-30T10:40:39+00:00","og_image":[{"width":972,"height":541,"url":"https:\/\/gssgaliciaforum.com\/wp-content\/uploads\/2024\/11\/gssg-cita-global-sostenibilidad-marina.jpg","type":"image\/jpeg"}],"author":"Cubicacomunicacion","twitter_card":"summary_large_image","twitter_misc":{"Escrito por":"Cubicacomunicacion","Tempo de lectura":"3 minutos"},"schema":{"@context":"https:\/\/schema.org","@graph":[{"@type":"Article","@id":"https:\/\/gssgaliciaforum.com\/gl\/gssg-establishes-itself-as-a-key-event-in-the-global-debate-on-marine-sustainability\/#article","isPartOf":{"@id":"https:\/\/gssgaliciaforum.com\/gl\/gssg-establishes-itself-as-a-key-event-in-the-global-debate-on-marine-sustainability\/"},"author":{"name":"Cubicacomunicacion","@id":"https:\/\/gssgaliciaforum.com\/gl\/#\/schema\/person\/03598aee37d8f2c9cee9651f6853680f"},"headline":"GSSG const\u00e1tase como un evento clave no debate global sobre a sostibilidade mari\u00f1a","datePublished":"2024-11-14T08:30:02+00:00","dateModified":"2025-04-30T10:40:39+00:00","mainEntityOfPage":{"@id":"https:\/\/gssgaliciaforum.com\/gl\/gssg-establishes-itself-as-a-key-event-in-the-global-debate-on-marine-sustainability\/"},"wordCount":591,"image":{"@id":"https:\/\/gssgaliciaforum.com\/gl\/gssg-establishes-itself-as-a-key-event-in-the-global-debate-on-marine-sustainability\/#primaryimage"},"thumbnailUrl":"https:\/\/gssgaliciaforum.com\/wp-content\/uploads\/2024\/11\/gssg-cita-global-sostenibilidad-marina.jpg","articleSection":["Sin categorizar"],"inLanguage":"gl-ES"},{"@type":"WebPage","@id":"https:\/\/gssgaliciaforum.com\/gl\/gssg-establishes-itself-as-a-key-event-in-the-global-debate-on-marine-sustainability\/","url":"https:\/\/gssgaliciaforum.com\/gl\/gssg-establishes-itself-as-a-key-event-in-the-global-debate-on-marine-sustainability\/","name":"Foro Galicia de Sostibilidade Global de Produtos do Mar - Foro GSSG","isPartOf":{"@id":"https:\/\/gssgaliciaforum.com\/gl\/#website"},"primaryImageOfPage":{"@id":"https:\/\/gssgaliciaforum.com\/gl\/gssg-establishes-itself-as-a-key-event-in-the-global-debate-on-marine-sustainability\/#primaryimage"},"image":{"@id":"https:\/\/gssgaliciaforum.com\/gl\/gssg-establishes-itself-as-a-key-event-in-the-global-debate-on-marine-sustainability\/#primaryimage"},"thumbnailUrl":"https:\/\/gssgaliciaforum.com\/wp-content\/uploads\/2024\/11\/gssg-cita-global-sostenibilidad-marina.jpg","datePublished":"2024-11-14T08:30:02+00:00","dateModified":"2025-04-30T10:40:39+00:00","author":{"@id":"https:\/\/gssgaliciaforum.com\/gl\/#\/schema\/person\/03598aee37d8f2c9cee9651f6853680f"},"description":"A segunda edici\u00f3n do Foro Galicia de Sostibilidade Global de Produtos do Mar trouxo a Vigo expertos internacionais para debater sobre a sustentabilidade da pesca e da acuicultura.","breadcrumb":{"@id":"https:\/\/gssgaliciaforum.com\/gl\/gssg-establishes-itself-as-a-key-event-in-the-global-debate-on-marine-sustainability\/#breadcrumb"},"inLanguage":"gl-ES","potentialAction":[{"@type":"ReadAction","target":["https:\/\/gssgaliciaforum.com\/gl\/gssg-establishes-itself-as-a-key-event-in-the-global-debate-on-marine-sustainability\/"]}]},{"@type":"ImageObject","inLanguage":"gl-ES","@id":"https:\/\/gssgaliciaforum.com\/gl\/gssg-establishes-itself-as-a-key-event-in-the-global-debate-on-marine-sustainability\/#primaryimage","url":"https:\/\/gssgaliciaforum.com\/wp-content\/uploads\/2024\/11\/gssg-cita-global-sostenibilidad-marina.jpg","contentUrl":"https:\/\/gssgaliciaforum.com\/wp-content\/uploads\/2024\/11\/gssg-cita-global-sostenibilidad-marina.jpg","width":972,"height":541,"caption":"GSSG const\u00e1tase como un evento clave no debate global sobre a sostibilidade mari\u00f1a."},{"@type":"BreadcrumbList","@id":"https:\/\/gssgaliciaforum.com\/gl\/gssg-establishes-itself-as-a-key-event-in-the-global-debate-on-marine-sustainability\/#breadcrumb","itemListElement":[{"@type":"ListItem","position":1,"name":"Portada","item":"https:\/\/gssgaliciaforum.com\/gl\/"},{"@type":"ListItem","position":2,"name":"GSSG const\u00e1tase como un evento clave no debate global sobre a sostibilidade mari\u00f1a"}]},{"@type":"WebSite","@id":"https:\/\/gssgaliciaforum.com\/gl\/#website","url":"https:\/\/gssgaliciaforum.com\/gl\/","name":"Foro GSSG","description":"IV Foro Galicia Sostibilidade Global de Productos do Mar","potentialAction":[{"@type":"SearchAction","target":{"@type":"EntryPoint","urlTemplate":"https:\/\/gssgaliciaforum.com\/gl\/?s={search_term_string}"},"query-input":{"@type":"PropertyValueSpecification","valueRequired":true,"valueName":"search_term_string"}}],"inLanguage":"gl-ES"},{"@type":"Person","@id":"https:\/\/gssgaliciaforum.com\/gl\/#\/schema\/person\/03598aee37d8f2c9cee9651f6853680f","name":"Cubicacomunicacion","sameAs":["https:\/\/gssgaliciaforum.com"]}]}},"_links":{"self":[{"href":"https:\/\/gssgaliciaforum.com\/gl\/wp-json\/wp\/v2\/posts\/3426","targetHints":{"allow":["GET"]}}],"collection":[{"href":"https:\/\/gssgaliciaforum.com\/gl\/wp-json\/wp\/v2\/posts"}],"about":[{"href":"https:\/\/gssgaliciaforum.com\/gl\/wp-json\/wp\/v2\/types\/post"}],"author":[{"embeddable":true,"href":"https:\/\/gssgaliciaforum.com\/gl\/wp-json\/wp\/v2\/users\/1"}],"replies":[{"embeddable":true,"href":"https:\/\/gssgaliciaforum.com\/gl\/wp-json\/wp\/v2\/comments?post=3426"}],"version-history":[{"count":0,"href":"https:\/\/gssgaliciaforum.com\/gl\/wp-json\/wp\/v2\/posts\/3426\/revisions"}],"wp:featuredmedia":[{"embeddable":true,"href":"https:\/\/gssgaliciaforum.com\/gl\/wp-json\/wp\/v2\/media\/3414"}],"wp:attachment":[{"href":"https:\/\/gssgaliciaforum.com\/gl\/wp-json\/wp\/v2\/media?parent=3426"}],"wp:term":[{"taxonomy":"category","embeddable":true,"href":"https:\/\/gssgaliciaforum.com\/gl\/wp-json\/wp\/v2\/categories?post=3426"},{"taxonomy":"post_tag","embeddable":true,"href":"https:\/\/gssgaliciaforum.com\/gl\/wp-json\/wp\/v2\/tags?post=3426"}],"curies":[{"name":"wp","href":"https:\/\/api.w.org\/{rel}","templated":true}]}}